{"id":8756,"date":"2025-12-31T09:02:58","date_gmt":"2025-12-31T09:02:58","guid":{"rendered":"https:\/\/danpowerservicecenter.ee\/?p=8756"},"modified":"2025-11-27T09:13:50","modified_gmt":"2025-11-27T09:13:50","slug":"sc-podcastempfehlung-dez-2025","status":"publish","type":"post","link":"https:\/\/danpowerservicecenter.ee\/de\/sc-podcastempfehlung-dez-2025\/","title":{"rendered":"SC PODCASTEMPFEHLUNG DEZ 2025"},"content":{"rendered":"\n<div class=\"g-container l-gutenberg st-sm sb-none\">\n\n<p><a href=\"https:\/\/www.geschichte.fm\/\" target=\"_blank\" rel=\"noopener\">Geschichten aus der Geschichte: Der Geschichte Podcast<\/a>. Richard Hemmer, Damiel Me\u00dfner, www.geschichte.fm<\/p>\n\n\n\n<p>Geschichten aus der Geschichte ist ein Podcast \u00fcber Geschichten aus der Geschichte. Vergessene Ereignisse, \u00fcberraschende Anekdoten und Zusammenh\u00e4nge kurz erkl\u00e4rt. H\u00e4ufig mit ein ganz bisschen Augenzwinkern und nur echt mit Feedbackhinweisblock. \/www.geschichte.fm\/<\/p>\n\n\n\n<figure class=\"wp-block-image size-full\"><img loading=\"lazy\" decoding=\"async\" width=\"714\" height=\"832\" src=\"https:\/\/danpowerservicecenter.ee\/wp-content\/uploads\/2025\/11\/Screenshot-2025-11-27-110841.jpg\" alt=\"\" class=\"wp-image-8755\"\/><\/figure>\n\n<\/div>\n","protected":false},"excerpt":{"rendered":"","protected":false},"author":1,"featured_media":8755,"comment_status":"closed","ping_status":"closed","sticky":false,"template":"","format":"standard","meta":{"_acf_changed":false,"om_disable_all_campaigns":false,"_monsterinsights_skip_tracking":false,"_monsterinsights_sitenote_active":false,"_monsterinsights_sitenote_note":"","_monsterinsights_sitenote_category":0,"_uf_show_specific_survey":0,"_uf_disable_surveys":false,"footnotes":"","_links_to":"","_links_to_target":""},"categories":[25],"tags":[],"class_list":["post-8756","post","type-post","status-publish","format-standard","has-post-thumbnail","hentry","category-empfehlungen-buecher-theater-usw"],"acf":[],"_links":{"self":[{"href":"https:\/\/danpowerservicecenter.ee\/de\/wp-json\/wp\/v2\/posts\/8756","targetHints":{"allow":["GET"]}}],"collection":[{"href":"https:\/\/danpowerservicecenter.ee\/de\/wp-json\/wp\/v2\/posts"}],"about":[{"href":"https:\/\/danpowerservicecenter.ee\/de\/wp-json\/wp\/v2\/types\/post"}],"author":[{"embeddable":true,"href":"https:\/\/danpowerservicecenter.ee\/de\/wp-json\/wp\/v2\/users\/1"}],"replies":[{"embeddable":true,"href":"https:\/\/danpowerservicecenter.ee\/de\/wp-json\/wp\/v2\/comments?post=8756"}],"version-history":[{"count":1,"href":"https:\/\/danpowerservicecenter.ee\/de\/wp-json\/wp\/v2\/posts\/8756\/revisions"}],"predecessor-version":[{"id":8757,"href":"https:\/\/danpowerservicecenter.ee\/de\/wp-json\/wp\/v2\/posts\/8756\/revisions\/8757"}],"wp:featuredmedia":[{"embeddable":true,"href":"https:\/\/danpowerservicecenter.ee\/de\/wp-json\/wp\/v2\/media\/8755"}],"wp:attachment":[{"href":"https:\/\/danpowerservicecenter.ee\/de\/wp-json\/wp\/v2\/media?parent=8756"}],"wp:term":[{"taxonomy":"category","embeddable":true,"href":"https:\/\/danpowerservicecenter.ee\/de\/wp-json\/wp\/v2\/categories?post=8756"},{"taxonomy":"post_tag","embeddable":true,"href":"https:\/\/danpowerservicecenter.ee\/de\/wp-json\/wp\/v2\/tags?post=8756"}],"curies":[{"name":"wp","href":"https:\/\/api.w.org\/{rel}","templated":true}]}}