{"id":8641,"date":"2025-06-13T17:31:05","date_gmt":"2025-06-13T17:31:05","guid":{"rendered":"https:\/\/danpowerservicecenter.ee\/?p=8641"},"modified":"2025-08-05T17:32:40","modified_gmt":"2025-08-05T17:32:40","slug":"sommertage-danpower-2025","status":"publish","type":"post","link":"https:\/\/danpowerservicecenter.ee\/de\/sommertage-danpower-2025\/","title":{"rendered":"Sommertage Danpower 2025"},"content":{"rendered":"\n<div class=\"g-container l-gutenberg st-sm sb-none\">\n\n<p>Supersommertage \u2013 alles, was man sich nur w\u00fcnschen kann&#8230; und noch viel mehr!<\/p>\n\n\n\n<p>Erfolg, Entschlossenheit, Erlebnisse, Emotionen, Euphorie, Echtheit, Enthusiasmus&#8230;<\/p>\n\n\n\n<p>Wir sind stolz auf unseren Teamgeist \u2013 und dankbar allen, die geholfen haben, ihn noch st\u00e4rker zu machen:<\/p>\n\n\n\n<p><img loading=\"lazy\" decoding=\"async\" height=\"16\" width=\"16\" alt=\"\ud83e\udd0d\" src=\"https:\/\/static.xx.fbcdn.net\/images\/emoji.php\/v9\/tc5\/1\/16\/1f90d.png\"> Den Gastgebern von Ilmaveere \u2013 f\u00fcr die wunderbare Ruhe, Sch\u00f6nheit und gem\u00fctliche Unterkunft!<\/p>\n\n\n\n<p><img loading=\"lazy\" decoding=\"async\" height=\"16\" width=\"16\" alt=\"\ud83d\udd28\" src=\"https:\/\/static.xx.fbcdn.net\/images\/emoji.php\/v9\/td3\/1\/16\/1f528.png\"> Dem Schmied Peeter Reemann vom Sepa Talu \u2013 daf\u00fcr, dass er uns mit Hammer und Humor zu wahren Nagelmeistern geformt hat!<\/p>\n\n\n\n<p><img loading=\"lazy\" decoding=\"async\" height=\"16\" width=\"16\" alt=\"\ud83c\udf3f\" src=\"https:\/\/static.xx.fbcdn.net\/images\/emoji.php\/v9\/t1e\/1\/16\/1f33f.png\"> Dem Naturf\u00fchrer \u2013 f\u00fcr die faszinierenden (leider fr\u00fcher nie in Schulb\u00fcchern erw\u00e4hnten) Naturgeschichten und die moorige Dufttherapie!<\/p>\n\n\n\n<p><img loading=\"lazy\" decoding=\"async\" height=\"16\" width=\"16\" alt=\"\ud83c\udf54\" src=\"https:\/\/static.xx.fbcdn.net\/images\/emoji.php\/v9\/t2a\/1\/16\/1f354.png\"> Kolm.K\u00f6\u00f6kDeli \u2013 f\u00fcr die fantastischen Moorburger, die nicht nur satt gemacht, sondern auch das Herz mit Gl\u00fcck gef\u00fcllt haben!<\/p>\n\n\n\n<p><img loading=\"lazy\" decoding=\"async\" height=\"16\" width=\"16\" alt=\"\ud83c\udf7b\" src=\"https:\/\/static.xx.fbcdn.net\/images\/emoji.php\/v9\/t96\/1\/16\/1f37b.png\"> K\u00e4bliku Pruulikoda \u2013 f\u00fcr echte Bierkunde und genussvolle Verkostungsmomente!<\/p>\n\n\n\n<p>Und ja \u2013 die ersten Gedanken kreisen schon um die Sommertage 2026, denn (neues Danpower-Sprichwort):<\/p>\n\n\n\n<p>Wenn der Schwung erst da ist, w\u00e4chst auch der Appetit! <img loading=\"lazy\" decoding=\"async\" height=\"16\" width=\"16\" alt=\"\ud83d\ude0e\" src=\"https:\/\/static.xx.fbcdn.net\/images\/emoji.php\/v9\/t83\/1\/16\/1f60e.png\"><\/p>\n\n\n\n<figure class=\"wp-block-video\"><video height=\"1080\" style=\"aspect-ratio: 1080 \/ 1080;\" width=\"1080\" controls src=\"https:\/\/danpowerservicecenter.ee\/wp-content\/uploads\/2025\/08\/Untitled-design.mp4\"><\/video><\/figure>\n\n<\/div>\n","protected":false},"excerpt":{"rendered":"","protected":false},"author":1,"featured_media":8632,"comment_status":"closed","ping_status":"closed","sticky":false,"template":"","format":"standard","meta":{"_acf_changed":false,"om_disable_all_campaigns":false,"_monsterinsights_skip_tracking":false,"_monsterinsights_sitenote_active":false,"_monsterinsights_sitenote_note":"","_monsterinsights_sitenote_category":0,"_uf_show_specific_survey":0,"_uf_disable_surveys":false,"footnotes":"","_links_to":"","_links_to_target":""},"categories":[22,14],"tags":[],"class_list":["post-8641","post","type-post","status-publish","format-standard","has-post-thumbnail","hentry","category-uritused-de","category-unkategorisiert"],"acf":[],"_links":{"self":[{"href":"https:\/\/danpowerservicecenter.ee\/de\/wp-json\/wp\/v2\/posts\/8641","targetHints":{"allow":["GET"]}}],"collection":[{"href":"https:\/\/danpowerservicecenter.ee\/de\/wp-json\/wp\/v2\/posts"}],"about":[{"href":"https:\/\/danpowerservicecenter.ee\/de\/wp-json\/wp\/v2\/types\/post"}],"author":[{"embeddable":true,"href":"https:\/\/danpowerservicecenter.ee\/de\/wp-json\/wp\/v2\/users\/1"}],"replies":[{"embeddable":true,"href":"https:\/\/danpowerservicecenter.ee\/de\/wp-json\/wp\/v2\/comments?post=8641"}],"version-history":[{"count":2,"href":"https:\/\/danpowerservicecenter.ee\/de\/wp-json\/wp\/v2\/posts\/8641\/revisions"}],"predecessor-version":[{"id":8643,"href":"https:\/\/danpowerservicecenter.ee\/de\/wp-json\/wp\/v2\/posts\/8641\/revisions\/8643"}],"wp:featuredmedia":[{"embeddable":true,"href":"https:\/\/danpowerservicecenter.ee\/de\/wp-json\/wp\/v2\/media\/8632"}],"wp:attachment":[{"href":"https:\/\/danpowerservicecenter.ee\/de\/wp-json\/wp\/v2\/media?parent=8641"}],"wp:term":[{"taxonomy":"category","embeddable":true,"href":"https:\/\/danpowerservicecenter.ee\/de\/wp-json\/wp\/v2\/categories?post=8641"},{"taxonomy":"post_tag","embeddable":true,"href":"https:\/\/danpowerservicecenter.ee\/de\/wp-json\/wp\/v2\/tags?post=8641"}],"curies":[{"name":"wp","href":"https:\/\/api.w.org\/{rel}","templated":true}]}}