{"id":8349,"date":"2024-12-06T10:47:00","date_gmt":"2024-12-06T10:47:00","guid":{"rendered":"https:\/\/danpowerservicecenter.ee\/?p=8349"},"modified":"2025-01-08T10:50:05","modified_gmt":"2025-01-08T10:50:05","slug":"jeder-betrieb-ob-gross-oder-klein-kann-seinen-beitrag-leisten","status":"publish","type":"post","link":"https:\/\/danpowerservicecenter.ee\/de\/jeder-betrieb-ob-gross-oder-klein-kann-seinen-beitrag-leisten\/","title":{"rendered":"Jeder Betrieb, ob gro\u00df oder klein, kann seinen Beitrag leisten"},"content":{"rendered":"\n<div class=\"g-container l-gutenberg st-sm sb-none\">\n\n<p>Unser Botschaft ist einfach: Jedes Unternehmen, ob gro\u00df oder klein, kann seinen Beitrag leisten. Stellen Sie sich vor, wie viel wir erreichen k\u00f6nnten, wenn es 10, 50 oder 5000 Spender g\u00e4be &#8230; Gemeinsam k\u00f6nnen wir Gro\u00dfes leisten und eine Zukunft schaffen, von der wir tr\u00e4umen.<\/p>\n\n\n\n<p>Jetzt ist die Zeit, die Ukraine zu unterst\u00fctzen und Estlands Verteidigungsf\u00e4higkeit zu st\u00e4rken \u2013 schwierige Zeiten erfordern gemeinsame Anstrengungen. Es ist die Zeit, die eigenen Priorit\u00e4ten zu \u00fcberdenken, damit wir uns in der Zukunft, wenn wir wieder in besseren und friedlicheren Zeiten leben, erneut andere Entscheidungen erlauben k\u00f6nnen.<\/p>\n\n\n\n<p>Danpower Eesti<\/p>\n\n\n\n<p>Lesen Sie mehr hier:<br><a href=\"https:\/\/www.facebook.com\/profile.php?id=100086708928669&amp;__cft__[0]=AZUTOA47usND6CGbybcahJxFU8N2xjK-nZSItQCF8ZWICNM2ri5Hk9wjBzPwk_yHAVWzbIGXv39uG6plxLSzF6eo1ec72JW_YbD0ckH5keWppRap2rj6JOQqicZjdx-3qRLQpfxWKqycusmKZ5zzhwZ8bEmVjGhQ6LYZ1XY3rFIyevC4iv2v93VVgNpKNMemygns6JB1x_UJx5Tm5k9RsOnXziC0chow_vhYm5YIhn9DcQ&amp;__tn__=-UC%2CP-y-R\" target=\"_blank\" rel=\"noopener\"><strong>Kaitseliidu V\u00f5rumaa malev<\/strong><\/a><\/p>\n\n\n\n<p>Am 4. Dezember zeichnete Verteidigungsminister Hanno Pevkur F\u00f6rderer der Landesverteidigung aus.<\/p>\n\n\n\n<p>Unter den Geehrten:<\/p>\n\n\n\n<p>Major Vaido Siska \u2013 F\u00fcr seinen bedeutenden Beitrag zur Entwicklung einer umfassenden Landesverteidigung und zur St\u00e4rkung des Verteidigungswillens als Kommandant des Kaitseliit V\u00f5rumaa Malev.<\/p>\n\n\n\n<p>Aare H\u00f5rn \u2013 F\u00fcr seinen wesentlichen Beitrag zur Entwicklung der estnischen Landesverteidigung durch die F\u00f6rderung grenz\u00fcberschreitender Zusammenarbeit und Verbesserung der Kommunikation im baltischen Verteidigungsraum.<\/p>\n\n\n\n<p>Danpower Eesti \u2013 F\u00fcr seinen bedeutenden Beitrag zur Entwicklung der Drohnenf\u00e4higkeiten im Kaitseliit V\u00f5rumaa Malev.<\/p>\n\n\n\n<p>Wir sind stolz auf unsere Menschen und Unterst\u00fctzer! Herzlichen Gl\u00fcckwunsch an alle!<\/p>\n\n\n\n<p>Foto: Ardi Hallismaa<\/p>\n\n\n\n<figure class=\"wp-block-image size-full\"><img loading=\"lazy\" decoding=\"async\" width=\"792\" height=\"484\" src=\"https:\/\/danpowerservicecenter.ee\/wp-content\/uploads\/2025\/01\/468772946_554167330816893_210468608640822276_n.jpg\" alt=\"\" class=\"wp-image-8345\"\/><\/figure>\n\n<\/div>\n","protected":false},"excerpt":{"rendered":"","protected":false},"author":1,"featured_media":8345,"comment_status":"closed","ping_status":"closed","sticky":false,"template":"","format":"standard","meta":{"_acf_changed":false,"om_disable_all_campaigns":false,"_monsterinsights_skip_tracking":false,"_monsterinsights_sitenote_active":false,"_monsterinsights_sitenote_note":"","_monsterinsights_sitenote_category":0,"_uf_show_specific_survey":0,"_uf_disable_surveys":false,"footnotes":"","_links_to":"","_links_to_target":""},"categories":[22,24,14],"tags":[],"class_list":["post-8349","post","type-post","status-publish","format-standard","has-post-thumbnail","hentry","category-uritused-de","category-info-de","category-unkategorisiert"],"acf":[],"_links":{"self":[{"href":"https:\/\/danpowerservicecenter.ee\/de\/wp-json\/wp\/v2\/posts\/8349","targetHints":{"allow":["GET"]}}],"collection":[{"href":"https:\/\/danpowerservicecenter.ee\/de\/wp-json\/wp\/v2\/posts"}],"about":[{"href":"https:\/\/danpowerservicecenter.ee\/de\/wp-json\/wp\/v2\/types\/post"}],"author":[{"embeddable":true,"href":"https:\/\/danpowerservicecenter.ee\/de\/wp-json\/wp\/v2\/users\/1"}],"replies":[{"embeddable":true,"href":"https:\/\/danpowerservicecenter.ee\/de\/wp-json\/wp\/v2\/comments?post=8349"}],"version-history":[{"count":2,"href":"https:\/\/danpowerservicecenter.ee\/de\/wp-json\/wp\/v2\/posts\/8349\/revisions"}],"predecessor-version":[{"id":8351,"href":"https:\/\/danpowerservicecenter.ee\/de\/wp-json\/wp\/v2\/posts\/8349\/revisions\/8351"}],"wp:featuredmedia":[{"embeddable":true,"href":"https:\/\/danpowerservicecenter.ee\/de\/wp-json\/wp\/v2\/media\/8345"}],"wp:attachment":[{"href":"https:\/\/danpowerservicecenter.ee\/de\/wp-json\/wp\/v2\/media?parent=8349"}],"wp:term":[{"taxonomy":"category","embeddable":true,"href":"https:\/\/danpowerservicecenter.ee\/de\/wp-json\/wp\/v2\/categories?post=8349"},{"taxonomy":"post_tag","embeddable":true,"href":"https:\/\/danpowerservicecenter.ee\/de\/wp-json\/wp\/v2\/tags?post=8349"}],"curies":[{"name":"wp","href":"https:\/\/api.w.org\/{rel}","templated":true}]}}