{"id":2557,"date":"2022-12-30T16:10:00","date_gmt":"2022-12-30T16:10:00","guid":{"rendered":"https:\/\/danpowerservicecenter.ee\/meil-on-palju-mille-eest-tanulik-olla\/"},"modified":"2023-07-26T06:31:36","modified_gmt":"2023-07-26T06:31:36","slug":"meil-on-palju-mille-eest-tanulik-olla","status":"publish","type":"post","link":"https:\/\/danpowerservicecenter.ee\/de\/meil-on-palju-mille-eest-tanulik-olla\/","title":{"rendered":"Wir haben eine Menge, wof\u00fcr wir dankbar sein k\u00f6nnen!"},"content":{"rendered":"\n<div class=\"g-container l-gutenberg st-sm sb-none\">\n\n<p><img loading=\"lazy\" decoding=\"async\" height=\"16\" width=\"16\" src=\"https:\/\/static.xx.fbcdn.net\/images\/emoji.php\/v9\/t6c\/1\/16\/1f499.png\" alt=\"\ud83d\udc99\">In V\u00f5ru wurde ein zweij\u00e4hriges Projekt zur Sanierung von Fernw\u00e4rmeleitungen abgeschlossen, bei dem 3 km veraltete Leitungen durch vorged\u00e4mmte W\u00e4rmeleitungen ersetzt wurden. In den zwei Jahren wurden insgesamt 1,3 Mio. \u20ac investiert, wovon fast 600.000 \u20ac vom SA Umwelt-Investitionszentrum unterst\u00fctzt wurden.(Rahastusallikas: \u00dcF). Durch das Projekt werden die CO2-Emissionen um ca. 25 Tonnen und die W\u00e4rmeverluste um ca. 1.600 MWh pro Jahr reduziert, was einer Verringerung von ca. 10 % im Vergleich zum Zeitraum vor dem Umbau entspricht.<\/p>\n\n\n\n<p><img loading=\"lazy\" decoding=\"async\" height=\"16\" width=\"16\" src=\"https:\/\/static.xx.fbcdn.net\/images\/emoji.php\/v9\/t6c\/1\/16\/1f499.png\" alt=\"\ud83d\udc99\">Wir haben auch neue Kunden: drei neue Verbrauchsstellen in V\u00f5ru und eine Erweiterung der Schule in Puiga.<\/p>\n\n\n\n<p><img loading=\"lazy\" decoding=\"async\" height=\"16\" width=\"16\" src=\"https:\/\/static.xx.fbcdn.net\/images\/emoji.php\/v9\/t6c\/1\/16\/1f499.png\" alt=\"\ud83d\udc99\">Trotz der schwierigen Ereignisse und Ver\u00e4nderungen auf dem Energiemarkt hat unser deutschsprachiges Servicecenter alle Herausforderungen erfolgreich gemeistert und auch einen Vertrag mit einem Gro\u00dfkunden gewonnen, f\u00fcr den wir ab Sommer 2022 Dienstleistung verbringen werden.<\/p>\n\n\n\n<p><img loading=\"lazy\" decoding=\"async\" height=\"16\" width=\"16\" src=\"https:\/\/static.xx.fbcdn.net\/images\/emoji.php\/v9\/t6c\/1\/16\/1f499.png\" alt=\"\ud83d\udc99\">Danpower Eesti feierte sein 10-j\u00e4hriges Jubil\u00e4um im Jahr 2022, bei dem das gesamte Team zu einem gro\u00dfartigen Fotoshooting eingeladen wurde. Vielen Dank an den Fotografen Aigar Nagel!<\/p>\n\n\n\n<figure class=\"wp-block-image size-large\"><img loading=\"lazy\" decoding=\"async\" width=\"1024\" height=\"512\" src=\"https:\/\/danpowerservicecenter.ee\/wp-content\/uploads\/2023\/04\/Danpower-logo-ja-taust-1-1024x512.jpg\" alt=\"\" class=\"wp-image-801\" srcset=\"https:\/\/danpowerservicecenter.ee\/wp-content\/uploads\/2023\/04\/Danpower-logo-ja-taust-1-1024x512.jpg 1024w, https:\/\/danpowerservicecenter.ee\/wp-content\/uploads\/2023\/04\/Danpower-logo-ja-taust-1.jpg 1353w\" sizes=\"auto, (max-width: 1024px) 100vw, 1024px\" \/><\/figure>\n\n<\/div>\n","protected":false},"excerpt":{"rendered":"","protected":false},"author":1,"featured_media":1241,"comment_status":"closed","ping_status":"closed","sticky":false,"template":"","format":"standard","meta":{"_acf_changed":false,"om_disable_all_campaigns":false,"_monsterinsights_skip_tracking":false,"_monsterinsights_sitenote_active":false,"_monsterinsights_sitenote_note":"","_monsterinsights_sitenote_category":0,"_uf_show_specific_survey":0,"_uf_disable_surveys":false,"footnotes":"","_links_to":"","_links_to_target":""},"categories":[14,24],"tags":[],"class_list":["post-2557","post","type-post","status-publish","format-standard","has-post-thumbnail","hentry","category-unkategorisiert","category-info-de"],"acf":[],"_links":{"self":[{"href":"https:\/\/danpowerservicecenter.ee\/de\/wp-json\/wp\/v2\/posts\/2557","targetHints":{"allow":["GET"]}}],"collection":[{"href":"https:\/\/danpowerservicecenter.ee\/de\/wp-json\/wp\/v2\/posts"}],"about":[{"href":"https:\/\/danpowerservicecenter.ee\/de\/wp-json\/wp\/v2\/types\/post"}],"author":[{"embeddable":true,"href":"https:\/\/danpowerservicecenter.ee\/de\/wp-json\/wp\/v2\/users\/1"}],"replies":[{"embeddable":true,"href":"https:\/\/danpowerservicecenter.ee\/de\/wp-json\/wp\/v2\/comments?post=2557"}],"version-history":[{"count":2,"href":"https:\/\/danpowerservicecenter.ee\/de\/wp-json\/wp\/v2\/posts\/2557\/revisions"}],"predecessor-version":[{"id":2654,"href":"https:\/\/danpowerservicecenter.ee\/de\/wp-json\/wp\/v2\/posts\/2557\/revisions\/2654"}],"wp:featuredmedia":[{"embeddable":true,"href":"https:\/\/danpowerservicecenter.ee\/de\/wp-json\/wp\/v2\/media\/1241"}],"wp:attachment":[{"href":"https:\/\/danpowerservicecenter.ee\/de\/wp-json\/wp\/v2\/media?parent=2557"}],"wp:term":[{"taxonomy":"category","embeddable":true,"href":"https:\/\/danpowerservicecenter.ee\/de\/wp-json\/wp\/v2\/categories?post=2557"},{"taxonomy":"post_tag","embeddable":true,"href":"https:\/\/danpowerservicecenter.ee\/de\/wp-json\/wp\/v2\/tags?post=2557"}],"curies":[{"name":"wp","href":"https:\/\/api.w.org\/{rel}","templated":true}]}}